{"id":1710,"date":"2021-02-13T17:35:29","date_gmt":"2021-02-13T16:35:29","guid":{"rendered":"https:\/\/utbabogados.com\/uncategorized-ca\/els-expedients-de-regulacio-temporal-docupacio-ertos-concepte-i-situacio-actual\/"},"modified":"2022-08-22T20:41:58","modified_gmt":"2022-08-22T18:41:58","slug":"els-expedients-de-regulacio-temporal-docupacio-ertos-concepte-i-situacio-actual","status":"publish","type":"post","link":"https:\/\/utbabogados.com\/ca\/laboral-seguretat-social\/els-expedients-de-regulacio-temporal-docupacio-ertos-concepte-i-situacio-actual\/","title":{"rendered":"Els expedients de regulaci\u00f3 temporal d&#8217;ocupaci\u00f3 (ERTOS): concepte i situaci\u00f3 actual"},"content":{"rendered":"\n<h2 class=\"wp-block-heading\">Concepte<\/h2>\n\n<p>Un <strong>Expedient de Regulaci\u00f3 Temporal d&#8217;Empleo (ERTO)<\/strong> \u00e9s una mesura prevista a l&#8217;Estatut dels Treballadors (art. 47) a la qual es poden acollir aquelles empreses que complint els requisits legals per fer-ho vulguin, amb car\u00e0cter temporal, reduir la jornada laboral o suspendre <a href=\"https:\/\/www.conceptosjuridicos.com\/contrato-de-trabajo\/\">contractes de treball<\/a> de tota o part de la plantilla de treballadors per tal de salvaguardar la viabilitat de l&#8217;empresa.<\/p>\n\n<figure class=\"wp-block-image size-large\"><img loading=\"lazy\" decoding=\"async\" width=\"1024\" height=\"683\" src=\"https:\/\/utbabogados.com\/wp-content\/uploads\/2021\/02\/contract-1464917_1920-1-1024x683.jpg\" alt=\"Els expedients de regulaci&#xF3; temporal d'ocupaci&#xF3; (ERTOS): concepte i situaci&#xF3; actual\" class=\"wp-image-1366\" srcset=\"https:\/\/utbabogados.com\/wp-content\/uploads\/2021\/02\/contract-1464917_1920-1-1024x683.jpg 1024w, https:\/\/utbabogados.com\/wp-content\/uploads\/2021\/02\/contract-1464917_1920-1-300x200.jpg 300w, https:\/\/utbabogados.com\/wp-content\/uploads\/2021\/02\/contract-1464917_1920-1-768x512.jpg 768w, https:\/\/utbabogados.com\/wp-content\/uploads\/2021\/02\/contract-1464917_1920-1-1536x1024.jpg 1536w, https:\/\/utbabogados.com\/wp-content\/uploads\/2021\/02\/contract-1464917_1920-1-1170x780.jpg 1170w, https:\/\/utbabogados.com\/wp-content\/uploads\/2021\/02\/contract-1464917_1920-1-870x580.jpg 870w, https:\/\/utbabogados.com\/wp-content\/uploads\/2021\/02\/contract-1464917_1920-1-390x260.jpg 390w, https:\/\/utbabogados.com\/wp-content\/uploads\/2021\/02\/contract-1464917_1920-1-600x400.jpg 600w, https:\/\/utbabogados.com\/wp-content\/uploads\/2021\/02\/contract-1464917_1920-1.jpg 1920w\" sizes=\"(max-width: 1024px) 100vw, 1024px\" \/><figcaption>Imatge d&#8217;<a href=\"https:\/\/pixabay.com\/es\/users\/andibreit-2748383\/?utm_source=link-attribution&amp;utm_medium=referral&amp;utm_campaign=image&amp;utm_content=1464917\">Andreas Breitling<\/a> a <a href=\"https:\/\/pixabay.com\/es\/?utm_source=link-attribution&amp;utm_medium=referral&amp;utm_campaign=image&amp;utm_content=1464917\">Pixabay<\/a><\/figcaption><\/figure>\n<p>Els ERTOS <strong>tenen un car\u00e0cter eminentment temporal,<\/strong> i, per tant, <strong>impliquen l&#8217;obligat\u00f2ria reincorporaci\u00f3 del treballador al lloc de treball<\/strong> en les mateixes condicions que tenia abans de l&#8217;aplicaci\u00f3 de l&#8217;ERTO, un cop finalitzi aquest.<\/p>\n\n<h2 class=\"wp-block-heading\">Tipus d&#8217;ERTO<\/h2>\n\n<p>Hist\u00f2ricament coexistien dos tipus d&#8217;ERTOs, per una banda, els expedients basats en causes econ\u00f2miques, t\u00e8cniques, organitzatives o de producci\u00f3 (ERTOS ETOP), i en segon lloc els de for\u00e7a major (FM), cl\u00e0ssicament aplicats per al cas de successos de tipus imprevistos com ara cat\u00e0strofes, incendis, inclem\u00e8ncies, esfondraments, o situacions similars que impedien la prestaci\u00f3 del treball durant un temps. <\/p>\n\n<p>L&#8217;ERTO de tipus econ\u00f2mic es tramita amb una negociaci\u00f3 necess\u00e0ria amb els treballadors a trav\u00e9s dels seus representants, finalitzant amb acord o sense. Per\u00f2 hi ha un per\u00edode de consultes imprescindible. No tenen efic\u00e0cia retroactiva, sin\u00f3 que l&#8217;efic\u00e0cia \u00e9s posterior, per\u00f2 les mesures es poden pactar per un horitz\u00f3 temporal m\u00e9s llarg, per exemple, un any o dos anys.<\/p>\n\n<p>L&#8217;ERTO de for\u00e7a major no exigeix per\u00edode de consultes amb els treballadors, sin\u00f3 una autoritzaci\u00f3 expressa de l&#8217;autoritat laboral (b\u00e9 siguin les conselleries d&#8217;ocupaci\u00f3 de les CCAA) i, en un altre cas, la Direcci\u00f3 General d&#8217;Ocupaci\u00f3. Cal afegir que aquests expedients s\u00ed que tenen efic\u00e0cia retroactiva en el moment en qu\u00e8 es va produir la situaci\u00f3 de for\u00e7a major, i t\u00e9 tot el sentit, per exemple, si s&#8217;ha produ\u00eft un incendi, es retrotreuen els efectes en el moment en qu\u00e8 l&#8217;exercici laboral es va veure impedit. I, l\u00f2gicament, la primera mesura \u00e9s apagar l&#8217;incendi o prendre les mesures oportunes i despr\u00e9s es tramita l&#8217;ERTO amb efectes del primer dia de la cat\u00e0strofe.<\/p>\n\n<p>Aquests expedients exoneren l&#8217;empresa de pagar el salari, en abonar una prestaci\u00f3 de desocupaci\u00f3 el Servei p\u00fablic d&#8217;ocupaci\u00f3 als treballadors afectats, i per al cas dels de for\u00e7a major, una exoneraci\u00f3 parcial de les quotes de la seguretat social.<\/p>\n\n<h2 class=\"wp-block-heading\">Situaci\u00f3 dels ERTOs des del 14 de mar\u00e7 de 2020<\/h2>\n\n<p>Des del mar\u00e7 del 2020, amb l&#8217;aparici\u00f3 de la pand\u00e8mia del coronavirus al nostre pa\u00eds, el legislador, sobre la base de la normativa cl\u00e0ssica d&#8217;ERTOS, s&#8217;ha vist obligat a aprofundir en la definici\u00f3 i el concepte d&#8217;ERTOS de for\u00e7a major, davant d&#8217;una pand\u00e8mia no vista abans a l&#8217;\u00faltim segle i amb una durada que en poc ja complir\u00e0 l&#8217;any. <\/p>\n\n<p>Com \u00e9s ben conegut, davant la frenada que va provocar el 14 de mar\u00e7 del 2020, la declaraci\u00f3 de l&#8217;estat d&#8217;alarma, milers d&#8217;empreses es van veure obligades a anar a demanar ERTOS de for\u00e7a major.<\/p>\n\n<h2 class=\"wp-block-heading\">Tipus d&#8217;ERTOs derivats de la COVID<\/h2>\n\n<p>Des de la presentaci\u00f3 massiva d&#8217;ERTOS entre els mesos de mar\u00e7 i abril del 2020, conforme va anar evolucionant la situaci\u00f3 de la pand\u00e8mia, la posterior desescalada durant l&#8217;estiu, els rebrots etc., el govern, amb la finalitat \u00faltima d&#8217;evitar acomiadaments massius, ha anat adaptant i modelant la normativa d&#8217;ERTOS, creant fins i tot ERTOS nous.<\/p>\n\n<p>Pel RDL 8\/2020, que van ser els <strong><u>ERTOs de for\u00e7a major<\/u><\/strong>, creats per la declaraci\u00f3 de l\u201festat d\u201falarma.<\/p>\n\n<p>Pel RDL 24\/2020 es creen els <strong><u>ERTOs de rebrot<\/u><\/strong>, creats per donar cobertura a les empreses que veiessin impedit el desenvolupament de la seva activitat a causa dels rebrots i les mesures acordades per les diferents actuacions administratives despr\u00e9s de l&#8217;aixecament de l&#8217;Estat d&#8217;alarma, coincidint amb la desescalada.<\/p>\n\n<p>Pel RDL 30\/2020, es creen els ERTOS que cobreixen les empreses que tindran exoneracions parcials a les quotes de la seguretat social despr\u00e9s de l&#8217;1 d&#8217;octubre del 2020.<\/p>\n\n<p><strong><u>ERTOs per impediment de l&#8217;activitat<\/u><\/strong>: Per a empreses i entitats de qualsevol sector o activitat que vegin impedit el desenvolupament de la seva activitat en algun dels seus centres de treball, com a conseq\u00fc\u00e8ncia de noves restriccions o mesures de contenci\u00f3 sanit\u00e0ria adoptades, a partir de l&#8217;1 d&#8217;octubre de 2020, per autoritats espanyoles o estrangeres.<\/p>\n\n<p><strong><u>ERTO per limitacions d&#8217;activitat:<\/u><\/strong> Per a aquelles empreses i entitats de qualsevol sector o activitat que vegin limitat el desenvolupament normal de la seva activitat en algun dels centres de treball, com a conseq\u00fc\u00e8ncia de restriccions o mesures de contenci\u00f3 sanit\u00e0ria adoptades per autoritats espanyoles. \u00c9s el cas, per exemple, de la limitaci\u00f3 dels aforaments, de l&#8217;horari d&#8217;obertura, etc.<\/p>\n\n<p>ERTOs que afecten empreses amb uns <strong>CNAEs determinats<\/strong> i amb ERTOS prorrogats des de mar\u00e7 de 2020, o empreses que de manera indirecta en depenguin, anomenats ERTOS d&#8217; <strong><u>empreses dependents o integrades a la cadena de valor dels sectors m\u00e9s afectats<\/u><\/strong> per la crisi, com ara el turisme i les cadenes hoteleres. <\/p>\n\n<blockquote class=\"wp-block-quote\"><p>Tots aquests ERTOS, quan s\u00f3n aprovats per l&#8217;autoritat laboral, porten associades unes exoneracions parcials a les quotes de la seguretat social en funci\u00f3 tamb\u00e9 del nombre de treballadors de l&#8217;empresa. Les exoneracions s\u00f3n m\u00e9s grans a menor mida de l&#8217;empresa. Aquests ERTOS s\u00f3n un estalvi molt important durant aquests temps per a les empreses, cosa que pot permetre salvar-les d&#8217;un tancament definitiu. <\/p><\/blockquote>\n\n<p>Un altre aspecte important \u00e9s que la cl\u00e0usula de salvaguarda de l&#8217;ocupaci\u00f3 (prohibici\u00f3 d&#8217;acomiadar durant 6 mesos) continua vigent, i el c\u00f2mput comen\u00e7a des de zero, si han accedit a uns d&#8217;aquests ERTOS.<\/p>\n\n<h2 class=\"wp-block-heading\">Pr\u00f2rroga dels ERTOs<\/h2>\n\n<p>Tots els ERTOS de for\u00e7a major abans comentats s&#8217;han anat prorrogant de trimestre a trimestre. <\/p>\n\n<p>El passat 27 de gener de 2021 es va publicar al BOE el <a href=\"http:\/\/www.boe.es\/boe\/dias\/2021\/01\/27\/pdfs\/BOE-A-2021-1130.pdf\">Reial decret llei 2\/2021<\/a>, de 26 de gener, de refor\u00e7 i consolidaci\u00f3 de mesures socials en defensa de l&#8217;ocupaci\u00f3, que recull, en el T\u00edtol I, el IV Acord Social en Defensa de l&#8217;Ocupaci\u00f3, dictat davant la persist\u00e8ncia dels efectes negatius sobre les empreses i l&#8217;ocupaci\u00f3 de la situaci\u00f3 d&#8217;emerg\u00e8ncia sanit\u00e0ria causada per la COVID-19 exigeix mantenir les mesures excepcionals previstes al <a href=\"http:\/\/www.boe.es\/boe\/dias\/2020\/03\/18\/pdfs\/BOE-A-2020-3824.pdf\">Reial decret llei 8\/2020<\/a>, de 17 de mar\u00e7 de mesures urgents extraordin\u00e0ries per fer front a l&#8217;impacte econ\u00f2mic i social del COVID-19, als seus articles 22 i 23, relatius a les suspensions i reduccions de jornada per causa de for\u00e7a major i causes econ\u00f2miques, t\u00e8cniques, organitzatives i de producci\u00f3 vinculades amb la COVID-19, aix\u00ed com les mesures extraordin\u00e0ries que hi estan vinculades en mat\u00e8ria de protecci\u00f3 per desocupaci\u00f3.<\/p>\n\n<blockquote class=\"wp-block-quote\"><p>L&#8217;article 1 prorroga els ERTO basats en una causa de for\u00e7a major relacionada amb la COVID-19, regulats a l&#8217;article 22 del Reial decret llei 8\/2020, de 17 de mar\u00e7, <strong>fins al 31 de maig de 2021.<\/strong><\/p><\/blockquote>\n\n<p>Aix\u00ed mateix, s&#8217;entenen prorrogats els expedients de regulaci\u00f3 temporal d&#8217;ocupaci\u00f3 per impediment en el desenvolupament de l&#8217;activitat autoritzats sobre la base del que disposa l&#8217;apartat 2 de la disposici\u00f3 addicional primera del Reial decret llei 24\/2020, de 26 de juny, de mesures socials de reactivaci\u00f3 de l&#8217;ocupaci\u00f3 i la protecci\u00f3 del treball aut\u00f2nom i de la competitivitat del sector industrial.<\/p>\n\n<blockquote class=\"wp-block-quote\"><p>Els expedients de regulaci\u00f3 temporal d&#8217;ocupaci\u00f3 per limitaci\u00f3 al desenvolupament normalitzat de l&#8217;activitat vigents, basats en l&#8217;article 2.2 del Reial decret llei 30\/2020, de 29 de setembre, es prorrogaran autom\u00e0ticament fins al 31 de maig de 2021.<\/p><\/blockquote>\n\n<p>A m\u00e9s,<strong> l&#8217;article 2<\/strong> reconeix la possibilitat de presentar nous ERTO per limitacions o impediments, en id\u00e8ntics termes als fixats per l&#8217;article 2 del Reial decret llei 30\/2020, de 29 de setembre, i d&#8217;acord amb les causes descrites en aquest i es disposa, <strong>com a novetat<\/strong>, que una vegada que una empresa hagi obtingut una resoluci\u00f3 estimat\u00f2ria en un ERTO de for\u00e7a major per impediment a l&#8217;activitat, podr\u00e0, sense necessitat de tramitar un altre nou expedient, aplicar sense soluci\u00f3 de continu\u00eftat les mesures corresponents a la nova situaci\u00f3 de limitacions al desenvolupament de l&#8217;activitat, sempre que comuniqui el canvi mitjan\u00e7ant una declaraci\u00f3 responsable.<\/p>\n\n<p>Les empreses que s&#8217;acullin a aquests ERTO s&#8217;han de sotmetre al comprom\u00eds de manteniment de l&#8217;ocupaci\u00f3.<\/p>\n\n<p>Amb aquesta regulaci\u00f3 igualment \u00e9s important ressenyar que es prorroguen les mesures extraordin\u00e0ries en mat\u00e8ria de protecci\u00f3 de les persones treballadores, mantenint la seva vig\u00e8ncia les mesures de protecci\u00f3 per desocupaci\u00f3 previstes a l&#8217;article 8 del Reial decret llei 30\/2020, de 29 de setembre, amb la conservaci\u00f3 del tipus del 70% aplicable a la base reguladora per al c\u00e0lcul de la prestaci\u00f3 una vegada transcorreguts els 180 dies de prestaci\u00f3 en les prestacions per ERTO, la conservaci\u00f3 del comptador a zero en els termes previstos a l&#8217;apartat 7 del precepte esmentat, aix\u00ed com les mesures de protecci\u00f3 de les persones amb contracte fix discontinu previstes al Reial decret llei 8\/2020, de 17 de mar\u00e7.<\/p>\n\n<p>Quant a les exoneracions en les quotes a la seguretat social queden de la manera seg\u00fcent: <\/p>\n\n<blockquote class=\"wp-block-quote\"><p>A partir de l&#8217;1 de febrer i fins al 31 de maig de 2021, les empreses en ERTO podran acollir-se a les exoneracions seg\u00fcents:<\/p><\/blockquote>\n\n<p><strong><u>Exoneracions per a sectors ultraprotegits:<\/u><\/strong> Determinats CNAE indicats pel Govern i la seva cadena de valor podran aplicar exoneracions segons la plantilla:<\/p>\n\n<blockquote class=\"wp-block-quote\"><p>Empreses amb menys de 50 treballadors: 85%.<\/p><p>Empreses en ERTE amb m\u00e9s de 50 treballadors: 75%.<\/p><\/blockquote>\n\n<p>Aquestes exoneracions s&#8217;aplicarien als treballadors suspesos entre l&#8217;1 de febrer i el 31 de maig, com als que s&#8217;hagin reincorporat al seu lloc a partir de l&#8217;1 de febrer o l&#8217;hagin reiniciat despr\u00e9s del RD Llei 18\/2020.<\/p>\n\n<p><strong><u>Exoneracions per a ERTOS d&#8217;impediment:<\/u><\/strong> Les empreses que vegin impedida la seva activitat en algun centre de treball per restriccions podran exonerar a les assegurances socials durant el per\u00edode de tancament i com a m\u00e0xim fins al 31 de maig de 2021 en els percentatges seg\u00fcents, segons la plantilla:<\/p>\n\n<blockquote class=\"wp-block-quote\"><p>Empreses amb menys de 50 treballadors: 100% d&#8217;exoneraci\u00f3<\/p><p>Empreses amb m\u00e9s de 50 treballadors: 90% d&#8217;exoneraci\u00f3<\/p><\/blockquote>\n\n<p>Aquests percentatges tamb\u00e9 seran aplicables per als <strong>ERTOS de rebrot<\/strong> que es van sol\u00b7licitar segons el RD Llei 24\/2020.<\/p>\n\n<p><strong><u>Exoneracions per a ERTOS de limitaci\u00f3:<\/u><\/strong> Si una empresa necessita sol\u00b7licitar un ERTO perqu\u00e8 veu limitada la seva activitat en un centre de treball per les mesures adoptades per autoritats, podran exonerar a les assegurances socials fins al 31 de maig. La seva aplicaci\u00f3 ser\u00e0 decreixent i anir\u00e0 reduint-se el percentatge cada mes:<\/p>\n\n<p>Empreses amb menys de 50 treballadors:<\/p>\n\n<ul><li><strong>Exoneraci\u00f3 per al febrer: 100%.<\/strong><\/li><li><strong>Exoneraci\u00f3 per al mar\u00e7: 90%.<\/strong><\/li><li><strong>Exoneraci\u00f3 per a l&#8217;abril: 85%.<\/strong><\/li><li><strong>Exoneraci\u00f3 per al maig: 80%.<\/strong><\/li><\/ul>\n<p>Empreses amb m\u00e9s de 50 treballadors:<\/p>\n\n<ul><li><strong>Exoneraci\u00f3 per al febrer: 90%.<\/strong><\/li><li><strong>Exoneraci\u00f3 per al mar\u00e7: 80%.<\/strong><\/li><li><strong>Exoneraci\u00f3 per a l&#8217;abril: 75%.<\/strong><\/li><li><strong>Exoneraci\u00f3 per al maig: 70%.<\/strong><\/li><\/ul>\n<p>Estem en un punt en qu\u00e8 la negociaci\u00f3 per a aquestes pr\u00f2rrogues cada cop resulta m\u00e9s tediosa perqu\u00e8 la crisi de la pand\u00e8mia no acaba, ni tan sols amb l&#8217;inici de la vacunaci\u00f3, sin\u00f3 tot el contrari, estem ara mateix en una tercera onada de contagis terrible, que fa necess\u00e0ria i imprescindible la pr\u00f2rroga de tots els expedients i dels ajuts i finalment la pr\u00f2rroga, com \u00e9s sabut, ha fructificat. Amb el risc que una gran part de les empreses desapareguin definitivament.<\/p>\n\n<p>La propera data per estar atents \u00e9s el 31 de maig del 2021, quan veurem si el govern decideix prorrogar aquest sistema d&#8217;ERTOS o no, en funci\u00f3 de la situaci\u00f3 en qu\u00e8 estiguem, escenari ben dif\u00edcil de pronosticar en aquests moments. <\/p>\n\n<p>Jordi Vilaspasa Marsan <\/p>\n\n<p>Advocat <\/p>\n\n<p>Febrer de 2021 <\/p>\n\n<p><\/p>\n","protected":false},"excerpt":{"rendered":"<p>Qu\u00e8 son els ERTO? Tipus, situaci\u00f3 des del 14 de mar\u00e7 de 2020 i pr\u00f2rrogues.<\/p>\n","protected":false},"author":2,"featured_media":0,"comment_status":"closed","ping_status":"open","sticky":false,"template":"","format":"standard","meta":{"_monsterinsights_skip_tracking":false,"_monsterinsights_sitenote_active":false,"_monsterinsights_sitenote_note":"","_monsterinsights_sitenote_category":0,"footnotes":""},"categories":[128],"tags":[136],"_links":{"self":[{"href":"https:\/\/utbabogados.com\/ca\/wp-json\/wp\/v2\/posts\/1710"}],"collection":[{"href":"https:\/\/utbabogados.com\/ca\/wp-json\/wp\/v2\/posts"}],"about":[{"href":"https:\/\/utbabogados.com\/ca\/wp-json\/wp\/v2\/types\/post"}],"author":[{"embeddable":true,"href":"https:\/\/utbabogados.com\/ca\/wp-json\/wp\/v2\/users\/2"}],"replies":[{"embeddable":true,"href":"https:\/\/utbabogados.com\/ca\/wp-json\/wp\/v2\/comments?post=1710"}],"version-history":[{"count":1,"href":"https:\/\/utbabogados.com\/ca\/wp-json\/wp\/v2\/posts\/1710\/revisions"}],"predecessor-version":[{"id":1711,"href":"https:\/\/utbabogados.com\/ca\/wp-json\/wp\/v2\/posts\/1710\/revisions\/1711"}],"wp:attachment":[{"href":"https:\/\/utbabogados.com\/ca\/wp-json\/wp\/v2\/media?parent=1710"}],"wp:term":[{"taxonomy":"category","embeddable":true,"href":"https:\/\/utbabogados.com\/ca\/wp-json\/wp\/v2\/categories?post=1710"},{"taxonomy":"post_tag","embeddable":true,"href":"https:\/\/utbabogados.com\/ca\/wp-json\/wp\/v2\/tags?post=1710"}],"curies":[{"name":"wp","href":"https:\/\/api.w.org\/{rel}","templated":true}]}}