{"id":1681,"date":"2021-05-22T16:15:07","date_gmt":"2021-05-22T14:15:07","guid":{"rendered":"https:\/\/utbabogados.com\/uncategorized-ca\/larrelament-laboral\/"},"modified":"2022-08-22T14:03:56","modified_gmt":"2022-08-22T12:03:56","slug":"larrelament-laboral","status":"publish","type":"post","link":"https:\/\/utbabogados.com\/ca\/laboral-seguretat-social\/larrelament-laboral\/","title":{"rendered":"L&#8217;arrelament laboral"},"content":{"rendered":"\n<h2 class=\"wp-block-heading\">Concepte:<\/h2>\n\n<p>\u00c9s una autoritzaci\u00f3 de resid\u00e8ncia temporal per circumst\u00e0ncies excepcionals que es podr\u00e0 concedir a ciutadans estrangers que es trobin a Espanya i hagin tingut relacions laborals durant un m\u00ednim de sis mesos. Aquesta autoritzaci\u00f3 comporta una autoritzaci\u00f3 de treball. <\/p>\n\n<figure class=\"wp-block-image size-large\"><img loading=\"lazy\" decoding=\"async\" width=\"1024\" height=\"577\" src=\"https:\/\/utbabogados.com\/wp-content\/uploads\/2021\/05\/zaragoza-2579675_1920-1024x577.jpg\" alt=\"L'arrelament laboral\" class=\"wp-image-1432\" srcset=\"https:\/\/utbabogados.com\/wp-content\/uploads\/2021\/05\/zaragoza-2579675_1920-1024x577.jpg 1024w, https:\/\/utbabogados.com\/wp-content\/uploads\/2021\/05\/zaragoza-2579675_1920-300x170.jpg 300w, https:\/\/utbabogados.com\/wp-content\/uploads\/2021\/05\/zaragoza-2579675_1920-768x432.jpg 768w, https:\/\/utbabogados.com\/wp-content\/uploads\/2021\/05\/zaragoza-2579675_1920-1536x865.jpg 1536w, https:\/\/utbabogados.com\/wp-content\/uploads\/2021\/05\/zaragoza-2579675_1920-390x220.jpg 390w, https:\/\/utbabogados.com\/wp-content\/uploads\/2021\/05\/zaragoza-2579675_1920-1170x660.jpg 1170w, https:\/\/utbabogados.com\/wp-content\/uploads\/2021\/05\/zaragoza-2579675_1920-870x490.jpg 870w, https:\/\/utbabogados.com\/wp-content\/uploads\/2021\/05\/zaragoza-2579675_1920-600x338.jpg 600w, https:\/\/utbabogados.com\/wp-content\/uploads\/2021\/05\/zaragoza-2579675_1920.jpg 1920w\" sizes=\"(max-width: 1024px) 100vw, 1024px\" \/><figcaption>Imatge de <a href=\"https:\/\/pixabay.com\/users\/richardmc-1834381\/?utm_source=link-attribution&amp;utm_medium=referral&amp;utm_campaign=image&amp;utm_content=2579675\" class=\"rank-math-link\">Richard Mcall<\/a> a <a href=\"https:\/\/pixabay.com\/?utm_source=link-attribution&amp;utm_medium=referral&amp;utm_campaign=image&amp;utm_content=2579675\" class=\"rank-math-link\">Pixabay<\/a> <\/figcaption><\/figure>\n<h2 class=\"wp-block-heading\">Normativa b\u00e0sica:<\/h2>\n\n<ul><li><strong>Llei Org\u00e0nica 4\/2000, d&#8217;11 de gener<\/strong>, sobre Drets i Llibertats dels Estrangers a Espanya i la seva Integraci\u00f3 Social (art. 31.3). <\/li><\/ul>\n<ul><li>Reglament de la Llei Org\u00e0nica 4\/2000, aprovat per <strong>Reial Decret 557\/2011, de 20 d&#8217;abril<\/strong> (articles 123 a 130).<\/li><\/ul>\n<ul><li><strong>Instrucci\u00f3 de 3 d&#8217;agost del 2005<\/strong> sobre autoritzacions de resid\u00e8ncia temporal per circumst\u00e0ncies excepcionals per arrelament laboral.<\/li><\/ul>\n<h2 class=\"wp-block-heading\">Requisits:<\/h2>\n\n<ul><li><strong>No \u00e9sser ciutad\u00e0 d&#8217;un Estat de la Uni\u00f3 Europea<\/strong>, de l&#8217;Espai Econ\u00f2mic Europeu o de Su\u00efssa, o familiar de ciutadans d&#8217;aquests pa\u00efsos als quals sigui aplicable el r\u00e8gim de ciutad\u00e0 de la Uni\u00f3.<\/li><\/ul>\n<ul><li><strong>No tenir antecedents penals a Espanya<\/strong> i als seus pa\u00efsos anteriors de resid\u00e8ncia per delictes existents a l&#8217;ordenament espanyol.<\/li><\/ul>\n<ul><li><strong>No tenir prohibida l&#8217;entrada a Espanya<\/strong> i no figurar com a rebutjable a l&#8217;espai territorial de pa\u00efsos amb qu\u00e8 Espanya tingui signat un conveni en aquest sentit.<\/li><\/ul>\n<ul><li><strong>No trobar-se<\/strong>, si escau, dins el termini de <strong>comprom\u00eds de no retorn a Espanya<\/strong> que l&#8217;estranger hagi assumit en retornar volunt\u00e0riament al pa\u00eds d&#8217;origen.<\/li><\/ul>\n<ul><li><strong>Haver estat amb car\u00e0cter continuat a Espanya durant un per\u00edode m\u00ednim de dos anys.<\/strong> S&#8217;ent\u00e9n perman\u00e8ncia continuada si les abs\u00e8ncies no han superat els 90 dies els dos darrers anys.<\/li><\/ul>\n<ul><li>Poder <strong>demostrar l&#8217;exist\u00e8ncia de relacions laborals<\/strong> la durada de les quals no sigui inferior a sis mesos.<\/li><\/ul>\n<h2 class=\"wp-block-heading\">Novetats de l&#8217;any 2021:<\/h2>\n\n<p>Fins ara la veritat \u00e9s que la figura de l&#8217;<strong>arrelament laboral<\/strong> ha estat un perm\u00eds molt residual i que no ha estat un perm\u00eds que s&#8217;hagi gestionat i tramitat molt a les diferents Oficines d&#8217;Estrangeria. I aix\u00f2 succe\u00efa perqu\u00e8 fins no fa gaire s&#8217;exigia com a documentaci\u00f3 clau al sol\u00b7licitant la seg\u00fcent: <\/p>\n\n<ul><li>Resoluci\u00f3 judicial o acta de conciliaci\u00f3 en via judicial que reconegu\u00e9s una relaci\u00f3 laboral de m\u00e9s de 6 mesos, o b\u00e9<\/li><li>Resoluci\u00f3 administrativa confirmat\u00f2ria de l&#8217;acta d&#8217;infracci\u00f3 de la Inspecci\u00f3 de Treball i Seguretat Social que l&#8217;acredit\u00e9s.<\/li><\/ul>\n<p>Per\u00f2 el passat 16 de mar\u00e7 del 2021 el Tribunal Suprem va dictar una nova sent\u00e8ncia on canvia substancialment la documentaci\u00f3 exigible per aconseguir aquest perm\u00eds. <\/p>\n\n<blockquote class=\"wp-block-quote\"><p>A causa de la interpretaci\u00f3 que ha fet el <a href=\"https:\/\/www.poderjudicial.es\/cgpj\/es\/Poder-Judicial\/Tribunal-Supremo\/\">Tribunal Suprem<\/a> amb aquesta sent\u00e8ncia, l&#8217;arrelament laboral pot passar de ser un perm\u00eds residual i que s&#8217;ha tramitat poc a un perm\u00eds a trav\u00e9s del qual es poden regularitzar molts estrangers a Espanya.<\/p><\/blockquote>\n\n<p>La import\u00e0ncia de la sent\u00e8ncia del Tribunal Suprem rau en l&#8217;an\u00e0lisi que fa de la manera com es pot acreditar aquesta situaci\u00f3 d&#8217;arrelament laboral necess\u00e0ria per aconseguir aquesta autoritzaci\u00f3, establint que no es poden limitar com a mitjans de prova aquells en qu\u00e8 l&#8217;estranger sempre ha treballat estant en situaci\u00f3 irregular o clandestina i admetent com a v\u00e0lid aquells casos en qu\u00e8 el sol\u00b7licitant d&#8217;arrelament laboral ha <a rel=\"noreferrer noopener\" href=\"https:\/\/www.parainmigrantes.info\/todos-los-tramites-de-extranjeria\/\" target=\"_blank\" class=\"rank-math-link\"><strong>treballat de forma legal<\/strong><\/a> i en un moment determinat ha pogut sobrevenir en irregularitat.<\/p>\n\n<blockquote class=\"wp-block-quote\"><p>D&#8217;aquesta manera, diu el Tribunal Suprem, \u00e9s possible acreditar la situaci\u00f3 d&#8217;arrelament laboral mitjan\u00e7ant un informe de vida laboral que acredita una relaci\u00f3 laboral de m\u00e9s de sis mesos.<\/p><\/blockquote>\n\n<p>D&#8217;aquesta manera, la sent\u00e8ncia del Tribunal Suprem canvia el panorama per a molt\u00edssims estrangers que han sol\u00b7licitat l&#8217; <a href=\"https:\/\/www.parainmigrantes.info\/procedimiento-para-solicitud-asilo\/\" class=\"rank-math-link\"><strong>Estatut d&#8217;Asilat, Refugiat o Protecci\u00f3 Internacional,<\/strong><\/a> que han estat treballant a Espanya de forma legal amb el seu contracte, l&#8217;alta a Seguretat Social i un document administratiu que aix\u00ed li ho permetia com la Targeta Roja o el conegut com a Resguard Blanc.<\/p>\n\n<p>En molts d&#8217;aquests casos, l&#8217;Oficina d&#8217;Asil ha procedit a denegar aquestes sol\u00b7licituds i l&#8217;estranger queda en situaci\u00f3 irregular i amb prou feines recursos o vies de regularitzaci\u00f3 m\u00e9s enll\u00e0 de l&#8217;arrelament social.<\/p>\n\n<p>Fins aquest moment, \u00e9s clar, ja que el Tribunal Suprem ha avalat la possibilitat d&#8217;obtenir la resid\u00e8ncia per arrelament laboral en aquells casos en qu\u00e8 s&#8217;acredita simplement que ha existit relaci\u00f3 laboral per m\u00e9s de sis mesos, i ens cal que hi hagi estat de forma irregular o clandestina. El mitj\u00e0 de prova \u00e9s tan f\u00e0cil d&#8217;obtenir com demanar un informe de vida laboral a la Seguretat Social.<\/p>\n\n<p>Amb aquesta nova interpretaci\u00f3 considero que podrien aconseguir el perm\u00eds: <\/p>\n\n<ul><li>Persones que han tingut la seva Targeta Roja, han treballat i finalment se&#8217;ls ha denegat l&#8217;Asil. <\/li><li>Persones que tenien un perm\u00eds de resid\u00e8ncia i treball, han treballat i no han pogut renovar-ho<\/li><li>Estrangers titulars d&#8217;una Autoritzaci\u00f3 de Resid\u00e8ncia com a Professional Altament Qualificat i que no poden renovar els permisos<\/li><li>Persones que tenen una Targeta Comunit\u00e0ria i no hi tenen dret avui dia, etc.<\/li><\/ul>\n<h2 class=\"wp-block-heading\">Procediment:<\/h2>\n\n<p>Aquest perm\u00eds se sol\u00b7licita a les oficines d&#8217;estrangeria sempre que es compleixin els requisits comentats abans i s&#8217;aporti la documentaci\u00f3 probat\u00f2ria de relaci\u00f3 laboral. Un cop resolt favorablement a favor es pot residir i treballar legalment a Espanya.<\/p>\n\n<p>Tot seguit els estrangers que regularitzin la seva situaci\u00f3 per aquesta via poden obtenir la targeta de resid\u00e8ncia, que acredita el perm\u00eds. Amb tots els drets inherents a aquesta autoritzaci\u00f3. <\/p>\n","protected":false},"excerpt":{"rendered":"<p>El passat 16 de mar\u00e7 del 2021 el Tribunal Suprem va dictar una nova sent\u00e8ncia on canvia substancialment la documentaci\u00f3 exigible per aconseguir el perm\u00eds de resid\u00e8ncia.<\/p>\n","protected":false},"author":2,"featured_media":1594,"comment_status":"closed","ping_status":"open","sticky":false,"template":"","format":"standard","meta":{"_monsterinsights_skip_tracking":false,"_monsterinsights_sitenote_active":false,"_monsterinsights_sitenote_note":"","_monsterinsights_sitenote_category":0,"footnotes":""},"categories":[128],"tags":[132,129,137],"_links":{"self":[{"href":"https:\/\/utbabogados.com\/ca\/wp-json\/wp\/v2\/posts\/1681"}],"collection":[{"href":"https:\/\/utbabogados.com\/ca\/wp-json\/wp\/v2\/posts"}],"about":[{"href":"https:\/\/utbabogados.com\/ca\/wp-json\/wp\/v2\/types\/post"}],"author":[{"embeddable":true,"href":"https:\/\/utbabogados.com\/ca\/wp-json\/wp\/v2\/users\/2"}],"replies":[{"embeddable":true,"href":"https:\/\/utbabogados.com\/ca\/wp-json\/wp\/v2\/comments?post=1681"}],"version-history":[{"count":3,"href":"https:\/\/utbabogados.com\/ca\/wp-json\/wp\/v2\/posts\/1681\/revisions"}],"predecessor-version":[{"id":1684,"href":"https:\/\/utbabogados.com\/ca\/wp-json\/wp\/v2\/posts\/1681\/revisions\/1684"}],"wp:featuredmedia":[{"embeddable":true,"href":"https:\/\/utbabogados.com\/ca\/wp-json\/wp\/v2\/media\/1594"}],"wp:attachment":[{"href":"https:\/\/utbabogados.com\/ca\/wp-json\/wp\/v2\/media?parent=1681"}],"wp:term":[{"taxonomy":"category","embeddable":true,"href":"https:\/\/utbabogados.com\/ca\/wp-json\/wp\/v2\/categories?post=1681"},{"taxonomy":"post_tag","embeddable":true,"href":"https:\/\/utbabogados.com\/ca\/wp-json\/wp\/v2\/tags?post=1681"}],"curies":[{"name":"wp","href":"https:\/\/api.w.org\/{rel}","templated":true}]}}